{"id":6350,"date":"2024-07-17T15:29:55","date_gmt":"2024-07-17T14:29:55","guid":{"rendered":"https:\/\/www.kj.fo\/?p=6350"},"modified":"2025-04-24T08:36:54","modified_gmt":"2025-04-24T07:36:54","slug":"kj-participates-at-atlantic-fair-2024","status":"publish","type":"post","link":"https:\/\/www.kj.fo\/en\/kj-participates-at-atlantic-fair-2024\/","title":{"rendered":"KJ employs six new apprentices"},"content":{"rendered":"\n<p><strong>On August 12th, six apprentices will embark on their career journey at KJ. \u00c1ki S\u00f8rensen, Workshop Manager, states, \u201cKJ places great importance on employing apprentices due to the high demand for skilled mechanics. The apprenticeship period is 4 years.\u201d<\/strong><\/p>\n\n\n\n<p>KJ decided a few years ago to lower the age limit for apprentices from 18 years to 16 years. This change opened up opportunities for younger individuals to apply for apprenticeships and start their careers early at KJ, contributing to a more diverse and sustainable workforce.&nbsp;<\/p>\n\n\n\n<p>In the picture, you can see the six apprentices along with Workshop Manager \u00c1ki S\u00f8rensen. They are Ey\u00f0un R\u00f3\u00f0insson, Eirikur \u00ed Ey\u00f0annstovu Petersen, \u00d3lavur \u00ed Skorini, J\u00f3nas Justinussen, Teitur Petursson vi\u00f0 Gj\u00f3nna, and Bjarki Rygshamar. KJ welcomes our new apprentices to the team!<\/p>\n\n\n\n<p><\/p>\n\n\n\n<p><\/p>\n\n\n\n<div style=\"height:96px\" aria-hidden=\"true\" class=\"wp-block-spacer\"><\/div>\n","protected":false},"excerpt":{"rendered":"<p>On August 12th, six apprentices will embark on their career journey at KJ. \u00c1ki S\u00f8rensen, Workshop Manager, states, \u201cKJ places great importance on employing apprentices due to the high demand for skilled mechanics. The apprenticeship period is 4 years.\u201d KJ decided a few years ago to lower the age limit for apprentices from 18 years [&hellip;]<\/p>\n","protected":false},"author":3,"featured_media":6355,"comment_status":"closed","ping_status":"closed","sticky":false,"template":"","format":"standard","meta":{"_acf_changed":false,"footnotes":""},"categories":[76,80,79,49],"tags":[104],"class_list":["post-6350","post","type-post","status-publish","format-standard","has-post-thumbnail","hentry","category-aquaculture","category-industry","category-maritime","category-news","tag-news"],"acf":[],"yoast_head":"<!-- This site is optimized with the Yoast SEO plugin v27.5 - https:\/\/yoast.com\/product\/yoast-seo-wordpress\/ -->\n<title>KJ employs six new apprentices - KJ<\/title>\n<meta name=\"robots\" content=\"index, follow, max-snippet:-1, max-image-preview:large, max-video-preview:-1\" \/>\n<link rel=\"canonical\" href=\"https:\/\/www.kj.fo\/en\/kj-participates-at-atlantic-fair-2024\/\" \/>\n<meta property=\"og:locale\" content=\"en_US\" \/>\n<meta property=\"og:type\" content=\"article\" \/>\n<meta property=\"og:title\" content=\"KJ employs six new apprentices - KJ\" \/>\n<meta property=\"og:description\" content=\"On August 12th, six apprentices will embark on their career journey at KJ. \u00c1ki S\u00f8rensen, Workshop Manager, states, \u201cKJ places great importance on employing apprentices due to the high demand for skilled mechanics. The apprenticeship period is 4 years.\u201d KJ decided a few years ago to lower the age limit for apprentices from 18 years [&hellip;]\" \/>\n<meta property=\"og:url\" content=\"https:\/\/www.kj.fo\/en\/kj-participates-at-atlantic-fair-2024\/\" \/>\n<meta property=\"og:site_name\" content=\"KJ\" \/>\n<meta property=\"article:published_time\" content=\"2024-07-17T14:29:55+00:00\" \/>\n<meta property=\"article:modified_time\" content=\"2025-04-24T07:36:54+00:00\" \/>\n<meta property=\"og:image\" content=\"https:\/\/www.kj.fo\/wp-content\/uploads\/2024\/07\/Laerlingar-1.jpg\" \/>\n\t<meta property=\"og:image:width\" content=\"1920\" \/>\n\t<meta property=\"og:image:height\" content=\"1280\" \/>\n\t<meta property=\"og:image:type\" content=\"image\/jpeg\" \/>\n<meta name=\"author\" content=\"P\u00e6tur Jacobsen\" \/>\n<meta name=\"twitter:card\" content=\"summary_large_image\" \/>\n<meta name=\"twitter:label1\" content=\"Written by\" \/>\n\t<meta name=\"twitter:data1\" content=\"P\u00e6tur Jacobsen\" \/>\n\t<meta name=\"twitter:label2\" content=\"Est. reading time\" \/>\n\t<meta name=\"twitter:data2\" content=\"1 minute\" \/>\n<script type=\"application\/ld+json\" class=\"yoast-schema-graph\">{\"@context\":\"https:\\\/\\\/schema.org\",\"@graph\":[{\"@type\":\"Article\",\"@id\":\"https:\\\/\\\/www.kj.fo\\\/en\\\/kj-participates-at-atlantic-fair-2024\\\/#article\",\"isPartOf\":{\"@id\":\"https:\\\/\\\/www.kj.fo\\\/en\\\/kj-participates-at-atlantic-fair-2024\\\/\"},\"author\":{\"name\":\"P\u00e6tur Jacobsen\",\"@id\":\"https:\\\/\\\/www.kj.fo\\\/en\\\/#\\\/schema\\\/person\\\/46c913f35d1da0c9ece461f76824e101\"},\"headline\":\"KJ employs six new apprentices\",\"datePublished\":\"2024-07-17T14:29:55+00:00\",\"dateModified\":\"2025-04-24T07:36:54+00:00\",\"mainEntityOfPage\":{\"@id\":\"https:\\\/\\\/www.kj.fo\\\/en\\\/kj-participates-at-atlantic-fair-2024\\\/\"},\"wordCount\":136,\"image\":{\"@id\":\"https:\\\/\\\/www.kj.fo\\\/en\\\/kj-participates-at-atlantic-fair-2024\\\/#primaryimage\"},\"thumbnailUrl\":\"https:\\\/\\\/www.kj.fo\\\/wp-content\\\/uploads\\\/2024\\\/07\\\/Laerlingar-1.jpg\",\"keywords\":[\"news\"],\"articleSection\":[\"Aquaculture\",\"Industry\",\"Maritime\",\"News\"],\"inLanguage\":\"en-US\"},{\"@type\":\"WebPage\",\"@id\":\"https:\\\/\\\/www.kj.fo\\\/en\\\/kj-participates-at-atlantic-fair-2024\\\/\",\"url\":\"https:\\\/\\\/www.kj.fo\\\/en\\\/kj-participates-at-atlantic-fair-2024\\\/\",\"name\":\"KJ employs six new apprentices - KJ\",\"isPartOf\":{\"@id\":\"https:\\\/\\\/www.kj.fo\\\/en\\\/#website\"},\"primaryImageOfPage\":{\"@id\":\"https:\\\/\\\/www.kj.fo\\\/en\\\/kj-participates-at-atlantic-fair-2024\\\/#primaryimage\"},\"image\":{\"@id\":\"https:\\\/\\\/www.kj.fo\\\/en\\\/kj-participates-at-atlantic-fair-2024\\\/#primaryimage\"},\"thumbnailUrl\":\"https:\\\/\\\/www.kj.fo\\\/wp-content\\\/uploads\\\/2024\\\/07\\\/Laerlingar-1.jpg\",\"datePublished\":\"2024-07-17T14:29:55+00:00\",\"dateModified\":\"2025-04-24T07:36:54+00:00\",\"author\":{\"@id\":\"https:\\\/\\\/www.kj.fo\\\/en\\\/#\\\/schema\\\/person\\\/46c913f35d1da0c9ece461f76824e101\"},\"breadcrumb\":{\"@id\":\"https:\\\/\\\/www.kj.fo\\\/en\\\/kj-participates-at-atlantic-fair-2024\\\/#breadcrumb\"},\"inLanguage\":\"en-US\",\"potentialAction\":[{\"@type\":\"ReadAction\",\"target\":[\"https:\\\/\\\/www.kj.fo\\\/en\\\/kj-participates-at-atlantic-fair-2024\\\/\"]}]},{\"@type\":\"ImageObject\",\"inLanguage\":\"en-US\",\"@id\":\"https:\\\/\\\/www.kj.fo\\\/en\\\/kj-participates-at-atlantic-fair-2024\\\/#primaryimage\",\"url\":\"https:\\\/\\\/www.kj.fo\\\/wp-content\\\/uploads\\\/2024\\\/07\\\/Laerlingar-1.jpg\",\"contentUrl\":\"https:\\\/\\\/www.kj.fo\\\/wp-content\\\/uploads\\\/2024\\\/07\\\/Laerlingar-1.jpg\",\"width\":1920,\"height\":1280},{\"@type\":\"BreadcrumbList\",\"@id\":\"https:\\\/\\\/www.kj.fo\\\/en\\\/kj-participates-at-atlantic-fair-2024\\\/#breadcrumb\",\"itemListElement\":[{\"@type\":\"ListItem\",\"position\":1,\"name\":\"Home\",\"item\":\"https:\\\/\\\/www.kj.fo\\\/en\\\/\"},{\"@type\":\"ListItem\",\"position\":2,\"name\":\"KJ employs six new apprentices\"}]},{\"@type\":\"WebSite\",\"@id\":\"https:\\\/\\\/www.kj.fo\\\/en\\\/#website\",\"url\":\"https:\\\/\\\/www.kj.fo\\\/en\\\/\",\"name\":\"KJ\",\"description\":\"\",\"potentialAction\":[{\"@type\":\"SearchAction\",\"target\":{\"@type\":\"EntryPoint\",\"urlTemplate\":\"https:\\\/\\\/www.kj.fo\\\/en\\\/?s={search_term_string}\"},\"query-input\":{\"@type\":\"PropertyValueSpecification\",\"valueRequired\":true,\"valueName\":\"search_term_string\"}}],\"inLanguage\":\"en-US\"},{\"@type\":\"Person\",\"@id\":\"https:\\\/\\\/www.kj.fo\\\/en\\\/#\\\/schema\\\/person\\\/46c913f35d1da0c9ece461f76824e101\",\"name\":\"P\u00e6tur Jacobsen\",\"image\":{\"@type\":\"ImageObject\",\"inLanguage\":\"en-US\",\"@id\":\"https:\\\/\\\/secure.gravatar.com\\\/avatar\\\/179aae68ff285e9c7993e2b348ddfcaf4680f6f913c8e30d70376cb0c7c32cc2?s=96&d=mm&r=g\",\"url\":\"https:\\\/\\\/secure.gravatar.com\\\/avatar\\\/179aae68ff285e9c7993e2b348ddfcaf4680f6f913c8e30d70376cb0c7c32cc2?s=96&d=mm&r=g\",\"contentUrl\":\"https:\\\/\\\/secure.gravatar.com\\\/avatar\\\/179aae68ff285e9c7993e2b348ddfcaf4680f6f913c8e30d70376cb0c7c32cc2?s=96&d=mm&r=g\",\"caption\":\"P\u00e6tur Jacobsen\"},\"url\":\"https:\\\/\\\/www.kj.fo\\\/en\\\/author\\\/paja\\\/\"}]}<\/script>\n<!-- \/ Yoast SEO plugin. -->","yoast_head_json":{"title":"KJ employs six new apprentices - KJ","robots":{"index":"index","follow":"follow","max-snippet":"max-snippet:-1","max-image-preview":"max-image-preview:large","max-video-preview":"max-video-preview:-1"},"canonical":"https:\/\/www.kj.fo\/en\/kj-participates-at-atlantic-fair-2024\/","og_locale":"en_US","og_type":"article","og_title":"KJ employs six new apprentices - KJ","og_description":"On August 12th, six apprentices will embark on their career journey at KJ. \u00c1ki S\u00f8rensen, Workshop Manager, states, \u201cKJ places great importance on employing apprentices due to the high demand for skilled mechanics. The apprenticeship period is 4 years.\u201d KJ decided a few years ago to lower the age limit for apprentices from 18 years [&hellip;]","og_url":"https:\/\/www.kj.fo\/en\/kj-participates-at-atlantic-fair-2024\/","og_site_name":"KJ","article_published_time":"2024-07-17T14:29:55+00:00","article_modified_time":"2025-04-24T07:36:54+00:00","og_image":[{"width":1920,"height":1280,"url":"https:\/\/www.kj.fo\/wp-content\/uploads\/2024\/07\/Laerlingar-1.jpg","type":"image\/jpeg"}],"author":"P\u00e6tur Jacobsen","twitter_card":"summary_large_image","twitter_misc":{"Written by":"P\u00e6tur Jacobsen","Est. reading time":"1 minute"},"schema":{"@context":"https:\/\/schema.org","@graph":[{"@type":"Article","@id":"https:\/\/www.kj.fo\/en\/kj-participates-at-atlantic-fair-2024\/#article","isPartOf":{"@id":"https:\/\/www.kj.fo\/en\/kj-participates-at-atlantic-fair-2024\/"},"author":{"name":"P\u00e6tur Jacobsen","@id":"https:\/\/www.kj.fo\/en\/#\/schema\/person\/46c913f35d1da0c9ece461f76824e101"},"headline":"KJ employs six new apprentices","datePublished":"2024-07-17T14:29:55+00:00","dateModified":"2025-04-24T07:36:54+00:00","mainEntityOfPage":{"@id":"https:\/\/www.kj.fo\/en\/kj-participates-at-atlantic-fair-2024\/"},"wordCount":136,"image":{"@id":"https:\/\/www.kj.fo\/en\/kj-participates-at-atlantic-fair-2024\/#primaryimage"},"thumbnailUrl":"https:\/\/www.kj.fo\/wp-content\/uploads\/2024\/07\/Laerlingar-1.jpg","keywords":["news"],"articleSection":["Aquaculture","Industry","Maritime","News"],"inLanguage":"en-US"},{"@type":"WebPage","@id":"https:\/\/www.kj.fo\/en\/kj-participates-at-atlantic-fair-2024\/","url":"https:\/\/www.kj.fo\/en\/kj-participates-at-atlantic-fair-2024\/","name":"KJ employs six new apprentices - KJ","isPartOf":{"@id":"https:\/\/www.kj.fo\/en\/#website"},"primaryImageOfPage":{"@id":"https:\/\/www.kj.fo\/en\/kj-participates-at-atlantic-fair-2024\/#primaryimage"},"image":{"@id":"https:\/\/www.kj.fo\/en\/kj-participates-at-atlantic-fair-2024\/#primaryimage"},"thumbnailUrl":"https:\/\/www.kj.fo\/wp-content\/uploads\/2024\/07\/Laerlingar-1.jpg","datePublished":"2024-07-17T14:29:55+00:00","dateModified":"2025-04-24T07:36:54+00:00","author":{"@id":"https:\/\/www.kj.fo\/en\/#\/schema\/person\/46c913f35d1da0c9ece461f76824e101"},"breadcrumb":{"@id":"https:\/\/www.kj.fo\/en\/kj-participates-at-atlantic-fair-2024\/#breadcrumb"},"inLanguage":"en-US","potentialAction":[{"@type":"ReadAction","target":["https:\/\/www.kj.fo\/en\/kj-participates-at-atlantic-fair-2024\/"]}]},{"@type":"ImageObject","inLanguage":"en-US","@id":"https:\/\/www.kj.fo\/en\/kj-participates-at-atlantic-fair-2024\/#primaryimage","url":"https:\/\/www.kj.fo\/wp-content\/uploads\/2024\/07\/Laerlingar-1.jpg","contentUrl":"https:\/\/www.kj.fo\/wp-content\/uploads\/2024\/07\/Laerlingar-1.jpg","width":1920,"height":1280},{"@type":"BreadcrumbList","@id":"https:\/\/www.kj.fo\/en\/kj-participates-at-atlantic-fair-2024\/#breadcrumb","itemListElement":[{"@type":"ListItem","position":1,"name":"Home","item":"https:\/\/www.kj.fo\/en\/"},{"@type":"ListItem","position":2,"name":"KJ employs six new apprentices"}]},{"@type":"WebSite","@id":"https:\/\/www.kj.fo\/en\/#website","url":"https:\/\/www.kj.fo\/en\/","name":"KJ","description":"","potentialAction":[{"@type":"SearchAction","target":{"@type":"EntryPoint","urlTemplate":"https:\/\/www.kj.fo\/en\/?s={search_term_string}"},"query-input":{"@type":"PropertyValueSpecification","valueRequired":true,"valueName":"search_term_string"}}],"inLanguage":"en-US"},{"@type":"Person","@id":"https:\/\/www.kj.fo\/en\/#\/schema\/person\/46c913f35d1da0c9ece461f76824e101","name":"P\u00e6tur Jacobsen","image":{"@type":"ImageObject","inLanguage":"en-US","@id":"https:\/\/secure.gravatar.com\/avatar\/179aae68ff285e9c7993e2b348ddfcaf4680f6f913c8e30d70376cb0c7c32cc2?s=96&d=mm&r=g","url":"https:\/\/secure.gravatar.com\/avatar\/179aae68ff285e9c7993e2b348ddfcaf4680f6f913c8e30d70376cb0c7c32cc2?s=96&d=mm&r=g","contentUrl":"https:\/\/secure.gravatar.com\/avatar\/179aae68ff285e9c7993e2b348ddfcaf4680f6f913c8e30d70376cb0c7c32cc2?s=96&d=mm&r=g","caption":"P\u00e6tur Jacobsen"},"url":"https:\/\/www.kj.fo\/en\/author\/paja\/"}]}},"_links":{"self":[{"href":"https:\/\/www.kj.fo\/en\/wp-json\/wp\/v2\/posts\/6350","targetHints":{"allow":["GET"]}}],"collection":[{"href":"https:\/\/www.kj.fo\/en\/wp-json\/wp\/v2\/posts"}],"about":[{"href":"https:\/\/www.kj.fo\/en\/wp-json\/wp\/v2\/types\/post"}],"author":[{"embeddable":true,"href":"https:\/\/www.kj.fo\/en\/wp-json\/wp\/v2\/users\/3"}],"replies":[{"embeddable":true,"href":"https:\/\/www.kj.fo\/en\/wp-json\/wp\/v2\/comments?post=6350"}],"version-history":[{"count":3,"href":"https:\/\/www.kj.fo\/en\/wp-json\/wp\/v2\/posts\/6350\/revisions"}],"predecessor-version":[{"id":6358,"href":"https:\/\/www.kj.fo\/en\/wp-json\/wp\/v2\/posts\/6350\/revisions\/6358"}],"wp:featuredmedia":[{"embeddable":true,"href":"https:\/\/www.kj.fo\/en\/wp-json\/wp\/v2\/media\/6355"}],"wp:attachment":[{"href":"https:\/\/www.kj.fo\/en\/wp-json\/wp\/v2\/media?parent=6350"}],"wp:term":[{"taxonomy":"category","embeddable":true,"href":"https:\/\/www.kj.fo\/en\/wp-json\/wp\/v2\/categories?post=6350"},{"taxonomy":"post_tag","embeddable":true,"href":"https:\/\/www.kj.fo\/en\/wp-json\/wp\/v2\/tags?post=6350"}],"curies":[{"name":"wp","href":"https:\/\/api.w.org\/{rel}","templated":true}]}}